{"id":1681,"date":"2014-01-30T09:00:19","date_gmt":"2014-01-30T08:00:19","guid":{"rendered":"http:\/\/www.barcelonakontext.com\/traductores\/?p=1681"},"modified":"2014-02-25T13:23:46","modified_gmt":"2014-02-25T12:23:46","slug":"fleur-de-bitume-le-futur-lacma-de-peter-zumthor","status":"publish","type":"post","link":"http:\/\/www.barcelonakontext.com\/traductores\/1681\/fleur-de-bitume-le-futur-lacma-de-peter-zumthor\/","title":{"rendered":"Fleur de bitume. Le futur LACMA de Peter Zumthor"},"content":{"rendered":"<p>Un vent de Suisse souffle sur la Californie : aur\u00e9ol\u00e9 d\u2019un <a href=\"http:\/\/www.pritzkerprize.com\"  target=\"_blank\">Pritzker<\/a> en 2009, l\u2019architecte b\u00e2lois Peter Zumthor a r\u00e9cemment pr\u00e9sent\u00e9 le projet de remaniement du <a href=\"http:\/\/www.lacma.org\"  target=\"_blank\">Los Angeles County Museum of Art<\/a>, le Mus\u00e9e d\u2019art du comt\u00e9 de Los Angeles ou LACMA.<\/p>\n<p>L\u2019\u00e9clectisme d\u00e9contract\u00e9, notion clich\u00e9 volontiers accol\u00e9e \u00e0 la \u00ab Cit\u00e9 des Anges \u00bb, se retrouve aussi \u00e0 bien des \u00e9gards au LACMA. Le plus grand mus\u00e9e d\u2019art \u00e0 l\u2019ouest des Etats-Unis pr\u00e9sente en effet des collections allant de l\u2019art am\u00e9ricain \u00e0 l\u2019histoire des textiles, en passant par l\u2019art du monde indien, l\u2019histoire du cin\u00e9ma, l\u2019art de la gravure, l\u2019art contemporain, la Gr\u00e8ce antique, la photographie ou l\u2019art africain.<\/p>\n<p><img loading=\"lazy\" decoding=\"async\" src=\"http:\/\/www.barcelonakontext.com\/traductores\/wp-content\/uploads\/2014\/01\/lacma1.jpg\" alt=\"\" title=\"Lacma\" width=\"500\" height=\"329\" class=\"alignleft size-full wp-image-1688\" padding-down:15px;\" srcset=\"http:\/\/www.barcelonakontext.com\/traductores\/wp-content\/uploads\/2014\/01\/lacma1.jpg 500w, http:\/\/www.barcelonakontext.com\/traductores\/wp-content\/uploads\/2014\/01\/lacma1-300x197.jpg 300w\" sizes=\"(max-width: 500px) 100vw, 500px\" \/><\/p>\n<p>L\u2019h\u00e9t\u00e9rog\u00e9n\u00e9it\u00e9 marque aussi profond\u00e9ment l\u2019environnement du mus\u00e9e, situ\u00e9 depuis 1965 sur les d\u00e9pendances d\u2019un ancien ranch o\u00f9 bouillonnaient jadis de nombreuses mares de goudron naturel, formidables gisements de fossiles du pl\u00e9istoc\u00e8ne. Cr\u00e9\u00e9 en 1911 dans le cadre d\u2019un \u00ab Mus\u00e9e des sciences de l\u2019histoire et de l\u2019art \u00bb avant de prendre son ind\u00e9pendance en 1961, le LACMA est rattrap\u00e9 par la science car il partage son \u00ab campus \u00bb depuis 1977 avec un mus\u00e9e consacr\u00e9 \u00e0 l\u2019histoire des animaux qui, il y a des milliers d\u2019ann\u00e9es, s\u2019englu\u00e8rent \u00e0 tout jamais dans ces pi\u00e8ges bitumineux.<\/p>\n<p><img loading=\"lazy\" decoding=\"async\" src=\"http:\/\/www.barcelonakontext.com\/traductores\/wp-content\/uploads\/2014\/01\/lacma2.jpg\" alt=\"\" title=\"Lacma\" width=\"208\" height=\"299\" class=\"alignleft size-full wp-image-1689\" style=\"float:left; padding-right:10px;\" \/><\/p>\n<p>Un petit parc s\u2019\u00e9tend entre les deux mus\u00e9es, ponctu\u00e9 de quelques flaques d\u2019asphalte et d\u2019un grand \u00e9tang sagement entour\u00e9 de grillages o\u00f9 \u00e9clatent des bulles de m\u00e9thane. On y a plac\u00e9 plusieurs mammouths en b\u00e9ton grandeur nature : l\u2019un s\u2019y enlise inexorablement et semble hurler de terreur devant deux autres, sa compagne et leur b\u00e9b\u00e9 rest\u00e9s sur la rive, tous trois aux abois face \u00e0 la rupture in\u00e9luctable de l\u2019\u00e9quilibre familial. Un troisi\u00e8me mus\u00e9e sorti d\u2019un autre \u00e2ge, consacr\u00e9 \u00e0 l\u2019artisanat et l\u2019art populaire, tr\u00f4ne aussi tout juste de l\u2019autre c\u00f4t\u00e9 du boulevard dans une petite maison des ann\u00e9es 1930 de style n\u00e9o-g\u00e9orgien\u2026 Le LACMA est situ\u00e9, par ailleurs, au c\u0153ur du foisonnant Miracle Mile promu dans les ann\u00e9es 1920 par le fameux homme d\u2019affaire A. W. Ross, instigateur de ce puissant p\u00f4le d\u2019attraction commercial qui, le premier, d\u00e9pla\u00e7a la centralit\u00e9 du premier <em>downtown<\/em> vers cette zone fermi\u00e8re o\u00f9, nagu\u00e8re, paissaient les vaches et poussaient les haricots, et o\u00f9 fleurirent d\u2019un coup les immeubles art d\u00e9co puis, aujourd\u2019hui, les tours ultramodernes, les supermarch\u00e9s et les <em>condominiums<\/em> de luxe.<\/p>\n<p><img loading=\"lazy\" decoding=\"async\" src=\"http:\/\/www.barcelonakontext.com\/traductores\/wp-content\/uploads\/2014\/01\/lacma3.jpg\" alt=\"\" title=\"Lacma\" width=\"500\" height=\"193\" class=\"alignleft size-full wp-image-1690\" srcset=\"http:\/\/www.barcelonakontext.com\/traductores\/wp-content\/uploads\/2014\/01\/lacma3.jpg 500w, http:\/\/www.barcelonakontext.com\/traductores\/wp-content\/uploads\/2014\/01\/lacma3-300x115.jpg 300w\" sizes=\"(max-width: 500px) 100vw, 500px\" \/><\/p>\n<p>N\u00e9anmoins, ce sont les installations du mus\u00e9e lui-m\u00eame qui transmettent au visiteur la plus vive sensation d\u2019h\u00e9t\u00e9roclisme. Difficile d\u2019avoir une vue d\u2019ensemble du b\u00e2timent, de savoir par o\u00f9 y entrer, car c\u2019est un archipel de neuf \u00e9difices disparates qui s\u2019offre \u00e0 la vue. Les trois premiers, construits par William Pereira, sont d\u2019aust\u00e8res cubes blanch\u00e2tres ponctu\u00e9s de longues ouvertures et pilastres verticaux, initialement entour\u00e9s d\u2019eau et dispos\u00e9s autour d\u2019une <em>plaza<\/em> rappelant l\u2019esprit du Lincoln Center de New York. Teint\u00e9s de <em>Federal Modernism<\/em>, style rude des ann\u00e9es 1950 et 1960 (Pereira fera mieux par la suite avec son \u00e9poustouflante Transamerica Pyramid \u00e0 San Francisco), ils sont t\u00f4t d\u00e9cri\u00e9s pour leur laideur. Les besoins d\u2019agrandissement ont vite raison de cette improbable harmonie primitive, mise \u00e0 mal par d\u2019invasives incrustations. L\u2019\u00e9difice consacr\u00e9 \u00e0 l\u2019art des Am\u00e9riques, plaqu\u00e9 en 1986 <em>devant<\/em> ces premi\u00e8res structures, ressemble depuis la rue \u00e0 une fa\u00e7ade de centre commerciale \u00e0 moiti\u00e9 \u00e9croul\u00e9e. \u00c0 l\u2019extr\u00e9mit\u00e9 est, un petit pavillon tarabiscot\u00e9 (Bruce Goff) et digne d\u2019un d\u00e9cor de <em>Star Wars<\/em>, abrite depuis 1988 les collections d\u2019art japonais. \u00c0 l\u2019ouest, les choses s\u2019am\u00e9liorent : le LACMA acqui\u00e8re en 1994 les somptueux magasins de la May Company de style art d\u00e9co \u00ab paquebot \u00bb et, pour faire le lien, Renzo Piano construit deux vastes extensions immacul\u00e9es, surlign\u00e9es d\u2019\u00e9l\u00e9ments structurels vermillon et coiff\u00e9es d\u2019a\u00e9riennes verri\u00e8res en toit d\u2019usine, qui rappellent la Fondation DIA Beacon pr\u00e8s de New York et constituent le plus grand espace mus\u00e9al construit ainsi pour profiter de la lumi\u00e8re z\u00e9nithale. On abandonne donc l\u2019id\u00e9e de d\u00e9molition <em>totale<\/em> des b\u00e2timents envisag\u00e9e un temps par Rem Koolhaas\u2026<\/p>\n<p><img loading=\"lazy\" decoding=\"async\" src=\"http:\/\/www.barcelonakontext.com\/traductores\/wp-content\/uploads\/2014\/01\/lacma4.jpg\" alt=\"\" title=\"Lacma\" width=\"499\" height=\"303\" class=\"alignleft size-full wp-image-1691\" srcset=\"http:\/\/www.barcelonakontext.com\/traductores\/wp-content\/uploads\/2014\/01\/lacma4.jpg 499w, http:\/\/www.barcelonakontext.com\/traductores\/wp-content\/uploads\/2014\/01\/lacma4-300x182.jpg 300w\" sizes=\"(max-width: 499px) 100vw, 499px\" \/><\/p>\n<p>Le panache des nouveaux venus semble avoir rendu plus terne encore l\u2019aspect des installations pr\u00e9c\u00e9dentes, amenant Michael Govan, jeune et <em>flamboyant<\/em> directeur du mus\u00e9e depuis 2006 (apr\u00e8s 12 ans \u00e0 la t\u00eate de ladite Fondation Dia) \u00e0 engager h\u00e2tivement des discussions avec l\u2019architecte suisse Peter Zumthor (B\u00e2le, 1943). Rendues publiques l\u2019ann\u00e9e du sacrement <em>pritkerien<\/em> de ce dernier, elles ont d\u00e9bouch\u00e9 cet \u00e9t\u00e9 sur une br\u00e8ve exposition consacr\u00e9e \u00e0 la vision de Zumthor pour la future moiti\u00e9 est du LACMA. Selon la grande maquette d\u00e9voil\u00e9e aux journalistes et aux amateurs d\u2019architecture \u00e9bahis, le changement est radical et sensationnel : il s\u2019agit d\u2019\u00e0 peu pr\u00e8s tout raser et de construire un gigantesque b\u00e2timent, tout en horizontalit\u00e9 et \u00e0 deux niveaux, le deuxi\u00e8me mis largement en surplomb semblant flotter au dessus du sol.L\u2019ample pourtour aux m\u00e9andres prononc\u00e9s et le toit recouvert de cellules photovolta\u00efques sombres, vus de haut, donnent \u00e0 l\u2019ensemble l\u2019aspect d\u2019une vaste flaque noire, qui nous renvoie de mani\u00e8re saisissante aux inqui\u00e9tantes chroniques bitumineuses du lieu. La fa\u00e7ade, rev\u00eatue d\u2019une colossale membrane en verre continu sur tout le contour, accentue le dialogue hypnotique avec les iridescences hydrocarbur\u00e9es de la fameuse lagune contigu\u00eb, qui se glisse sous l\u2019une des pointes de l\u2019\u00e9difice et de laquelle celui-ci semble avoir surgi lui-m\u00eame dans un ultime vomissement tellurique. La solidification de cette formidable nappe de bitume an\u00e9antit \u00e0 tout jamais les pi\u00e8tres constructions d\u2019antan. Seul rescap\u00e9 du cataclysme, le petit pavillon consacr\u00e9 \u00e0 l\u2019art japonais et auquel Govan dit tenir beaucoup, se retrouve lov\u00e9 entre deux pr\u00e9occupants bras noirs pr\u00eats \u00e0 l\u2019engloutir. Plus qu\u2019un discours, ce v\u00e9ritable <em>sc\u00e9nario<\/em> architectural nous confronte de mani\u00e8re bien hollywoodienne, et en 3D, \u00e0 l\u2019histoire de cette spectaculaire mitoyennet\u00e9 asphaltique et fossilif\u00e8re. Seule concession clin d\u2019\u0153il \u00e0 Pereira, l\u2019id\u00e9e d\u2019un LACMA sur\u00e9lev\u00e9&#8230; Pour le reste, c\u2019est l\u2019appropriation pour le coup magistrale d\u2019un lieu unique, par le biais de vues plongeantes sur ces origines que d\u2019autres avaient choisi d\u2019ignorer.<\/p>\n<p><img loading=\"lazy\" decoding=\"async\" src=\"http:\/\/www.barcelonakontext.com\/traductores\/wp-content\/uploads\/2014\/01\/lacma6.jpg\" alt=\"\" title=\"Lacma\" width=\"492\" height=\"429\" class=\"alignleft size-full wp-image-1693\" srcset=\"http:\/\/www.barcelonakontext.com\/traductores\/wp-content\/uploads\/2014\/01\/lacma6.jpg 492w, http:\/\/www.barcelonakontext.com\/traductores\/wp-content\/uploads\/2014\/01\/lacma6-300x261.jpg 300w\" sizes=\"(max-width: 492px) 100vw, 492px\" \/><\/p>\n<p>\u00c9loges et critiques n\u2019ont pas tard\u00e9 \u00e0 pleuvoir sur la maquette, accentu\u00e9es sans doute par le fait que Zumthor reste encore peu connu aux \u00c9tats-Unis. Menace pour les puits de goudron ? \u00ab Sanaa noir \u00bb, en r\u00e9f\u00e9rence aux m\u00eames formes rebondies utilis\u00e9es, en blanc, par le fameux studio japonais ? Ou nouveau chef d\u2019\u0153uvre pour une ville gigantesque qui, outre l\u2019auditorium Disney de Gehry, en compte si peu ? C\u2019est en tout cas le projet d\u2019un architecte-artisan hors du commun, qui, de ses ann\u00e9es d\u2019apprenti \u00e9b\u00e9niste et de travail aux monuments historiques du Canton des Grisons, a gard\u00e9 le souci de l\u2019harmonie avec la nature et l\u2019usage raffin\u00e9 de mat\u00e9riaux traditionnels en r\u00e9sonnance avec les sens du visiteur. Ainsi en t\u00e9moignent le mus\u00e9e d\u2019art de Br\u00e9gence en Autriche, le mus\u00e9e Kolumba de Cologne, la Chapelle des Champs de Saint-Nicolas pr\u00e8s de cette ville ou, plus encore, les merveilleux thermes de Vals en Suisse, ces \u00ab piscines les plus belles au monde \u00bb dont les fa\u00e7ades en pierre locale grise semblent aussi \u00e9merger directement de la montagne. Cr\u00e9ateur extraordinaire, il a non seulement re\u00e7u la plus haute distinction dans sa discipline mais aussi le Praemium Imperiale de l\u2019Association japonaise des beaux-arts, la m\u00e9daille d\u2019or de l\u2019Institut royal des architectes britanniques, et a m\u00eame \u00e9t\u00e9 d\u00e9sign\u00e9 r\u00e9cemment comme l\u2019un des sept artistes du fameux programme Rolex \u00ab Mentors et prot\u00e9g\u00e9s \u00bb, aux c\u00f4t\u00e9s d\u2019Olafur Eliasson ou Alejandro Gonz\u00e1lez I\u00f1\u00e1rritu, pour encadrer une ann\u00e9e durant les trajectoires de quelques jeunes talents.<\/p>\n<p>La splendeur de ses r\u00e9alisations et le soin m\u00e9ticuleux qu\u2019il met dans le choix des textures pour appeler \u00e0 tous nos sens ne peuvent donc \u00eatre \u00e0 nos yeux que des garanties d\u2019excellence pour cette future \u00ab fleur noir \u00bb (Zumthor <em>dixit<\/em>). \u00c0 quand les premiers coups de pelle ? C\u2019est encore incertain. Ce projet remarquable participe en tout cas pleinement de l\u2019histoire d\u2019un mus\u00e9e passionnant et bien vivant, qui a fait de l\u2019innovation permanente l\u2019une de ses constantes vitales. Sauvera-t-on seulement les mammouths en b\u00e9ton ? <em>God knows<\/em>\u2026<\/p>\n<p>Article publi\u00e9 dans <a href=\"http:\/\/www.artpassions.ch\"><em>Art Passions<\/em>, revue suisse d\u2019art et de culture<\/a>, 36, d\u00e9cembre 2013.<\/p>\n<p>PUBLI\u00c9 PAR ANTOINE LEONETTI LE 14 JANVIER 2014<\/p>\n","protected":false},"excerpt":{"rendered":"<p>Un vent de Suisse souffle sur la Californie : aur\u00e9ol\u00e9 d\u2019un Pritzker en 2009, l\u2019architecte b\u00e2lois Peter Zumthor a r\u00e9cemment pr\u00e9sent\u00e9 le projet de remaniement du Los Angeles County Museum of Art, le Mus\u00e9e d\u2019art du comt\u00e9 de Los Angeles ou LACMA. L\u2019\u00e9clectisme d\u00e9contract\u00e9, notion clich\u00e9 volontiers accol\u00e9e \u00e0 la \u00ab Cit\u00e9 des Anges \u00bb, [&hellip;]<\/p>\n","protected":false},"author":7,"featured_media":0,"comment_status":"open","ping_status":"open","sticky":false,"template":"","format":"standard","meta":{"footnotes":""},"categories":[42,82,6,3,83,39],"tags":[],"_links":{"self":[{"href":"http:\/\/www.barcelonakontext.com\/traductores\/wp-json\/wp\/v2\/posts\/1681"}],"collection":[{"href":"http:\/\/www.barcelonakontext.com\/traductores\/wp-json\/wp\/v2\/posts"}],"about":[{"href":"http:\/\/www.barcelonakontext.com\/traductores\/wp-json\/wp\/v2\/types\/post"}],"author":[{"embeddable":true,"href":"http:\/\/www.barcelonakontext.com\/traductores\/wp-json\/wp\/v2\/users\/7"}],"replies":[{"embeddable":true,"href":"http:\/\/www.barcelonakontext.com\/traductores\/wp-json\/wp\/v2\/comments?post=1681"}],"version-history":[{"count":25,"href":"http:\/\/www.barcelonakontext.com\/traductores\/wp-json\/wp\/v2\/posts\/1681\/revisions"}],"predecessor-version":[{"id":1722,"href":"http:\/\/www.barcelonakontext.com\/traductores\/wp-json\/wp\/v2\/posts\/1681\/revisions\/1722"}],"wp:attachment":[{"href":"http:\/\/www.barcelonakontext.com\/traductores\/wp-json\/wp\/v2\/media?parent=1681"}],"wp:term":[{"taxonomy":"category","embeddable":true,"href":"http:\/\/www.barcelonakontext.com\/traductores\/wp-json\/wp\/v2\/categories?post=1681"},{"taxonomy":"post_tag","embeddable":true,"href":"http:\/\/www.barcelonakontext.com\/traductores\/wp-json\/wp\/v2\/tags?post=1681"}],"curies":[{"name":"wp","href":"https:\/\/api.w.org\/{rel}","templated":true}]}}